{"id":420,"date":"2022-03-15T18:42:55","date_gmt":"2022-03-15T17:42:55","guid":{"rendered":"https:\/\/mslv.org\/?p=420"},"modified":"2022-05-23T21:01:58","modified_gmt":"2022-05-23T19:01:58","slug":"le-festival-de-2022","status":"publish","type":"post","link":"https:\/\/mslv.org\/index.php\/2022\/03\/15\/le-festival-de-2022\/","title":{"rendered":"Le festival de 2022"},"content":{"rendered":"\n<h5 class=\"wp-block-heading\">Article pour le Rat-Vougeot sur l&rsquo;Association Musique \u00e0 Saint L\u00e9ger Vauban<\/h5>\n\n\n\n<hr class=\"wp-block-separator\"\/>\n\n\n\n<p class=\"has-drop-cap\">Comme l\u2019nous avons \u00e9crit dans le num\u00e9ro pr\u00e9c\u00e9dent nous pr\u00e9parons notre \u00e9v\u00e9nement musical pour cet \u00e9t\u00e9. Le festival d\u00e9butera le 9 juillet 2022 et aura pour th\u00e8me la musique au temps de Vauban. L\u2019association MSLV souhaitait l\u2019inaugurer avec le concert du quatuor Ardeo, consid\u00e9r\u00e9 comme un des meilleurs en Europe mais les musiciennes ne peuvent pas venir pour cette date. Le quatuor Wassily qui a jou\u00e9 l\u2019\u00e9t\u00e9 dernier dans notre \u00e9glise, viendra \u00e0 la place avec le programme qu\u2019il est en train de pr\u00e9parer.<\/p>\n\n\n\n<p>Puis le 10, Florence Bolton (viole de gambe) et Benjamin Perrot (th\u00e9orbe) de l\u2019ensemble La R\u00eaveuse viendront jouer les compositeurs de l\u2019\u00e9poque : Marin Marais et Robert de Vis\u00e9e.<\/p>\n\n\n\n<p>La semaine suivante le 15.07. il \u00e9tait envisag\u00e9 d\u2019inviter un trio des Travers\u00e9es baroques de Dijon. La directrice artistique nous a propos\u00e9 un tr\u00e8s joli programme instrumental, intitul\u00e9 <em>A Due Cornetti<\/em>: deux cornets \u00e0 bouquin et un accompagnateur (orgue et clavecin) mais au dernier moment elle a appris qu\u2019un musicien n\u2019\u00e9tait pas disponible. Nous avons donc invit\u00e9 un duo: Cl\u00e9mence Carry (chant et nyckelharpa) et L\u00e9a Masson (th\u00e9orbe). Elles nous proposent des airs de cour et des airs \u00e0 boire des compositeurs fran\u00e7ais de l\u2019\u00e9poque.<\/p>\n\n\n\n<p>Et enfin, le 16, \u00e0 l\u2019abbaye de la Pierre qui Vire, l\u2019organiste Pascal Ianco (dipl\u00f4m\u00e9 de Juilliard School) ex\u00e9cutera des \u0153uvres&nbsp; de la m\u00eame \u00e9poque.<\/p>\n\n\n\n<p>Notre programme est ambitieux et nous esp\u00e9rons remplir l\u2019\u00e9glise du village afin d\u2019honorer nos engagements financiers. Nous comptons sur votre pr\u00e9sence.<\/p>\n\n\n\n<p>Notre site internet <a href=\"https:\/\/mslv.org\/\">https:\/\/mslv.org\/<\/a><\/p>\n\n\n\n<p>Marek Wyrwa, pr\u00e9sident de l\u2019association MSLV<\/p>\n\n\n\n<p><\/p>\n\n\n\n<p><\/p>\n\n\n\n<p><\/p>\n\n\n\n<p><\/p>\n\n\n\n<p><\/p>\n\n\n\n<p><\/p>\n","protected":false},"excerpt":{"rendered":"<p>Article pour le Rat-Vougeot sur l&rsquo;Association Musique \u00e0 Saint L\u00e9ger Vauban Comme l\u2019nous avons \u00e9crit dans le num\u00e9ro pr\u00e9c\u00e9dent nous pr\u00e9parons notre [&hellip;]<\/p>\n","protected":false},"author":1,"featured_media":0,"comment_status":"open","ping_status":"open","sticky":false,"template":"","format":"standard","meta":{"footnotes":""},"categories":[13,12],"tags":[],"class_list":["post-420","post","type-post","status-publish","format-standard","hentry","category-festival","category-presse"],"_links":{"self":[{"href":"https:\/\/mslv.org\/index.php\/wp-json\/wp\/v2\/posts\/420","targetHints":{"allow":["GET"]}}],"collection":[{"href":"https:\/\/mslv.org\/index.php\/wp-json\/wp\/v2\/posts"}],"about":[{"href":"https:\/\/mslv.org\/index.php\/wp-json\/wp\/v2\/types\/post"}],"author":[{"embeddable":true,"href":"https:\/\/mslv.org\/index.php\/wp-json\/wp\/v2\/users\/1"}],"replies":[{"embeddable":true,"href":"https:\/\/mslv.org\/index.php\/wp-json\/wp\/v2\/comments?post=420"}],"version-history":[{"count":5,"href":"https:\/\/mslv.org\/index.php\/wp-json\/wp\/v2\/posts\/420\/revisions"}],"predecessor-version":[{"id":515,"href":"https:\/\/mslv.org\/index.php\/wp-json\/wp\/v2\/posts\/420\/revisions\/515"}],"wp:attachment":[{"href":"https:\/\/mslv.org\/index.php\/wp-json\/wp\/v2\/media?parent=420"}],"wp:term":[{"taxonomy":"category","embeddable":true,"href":"https:\/\/mslv.org\/index.php\/wp-json\/wp\/v2\/categories?post=420"},{"taxonomy":"post_tag","embeddable":true,"href":"https:\/\/mslv.org\/index.php\/wp-json\/wp\/v2\/tags?post=420"}],"curies":[{"name":"wp","href":"https:\/\/api.w.org\/{rel}","templated":true}]}}